{"id":5260,"date":"2016-11-29T13:46:57","date_gmt":"2016-11-29T12:46:57","guid":{"rendered":"http:\/\/artglas.ocs01.pure-communication.be\/fr\/non-classifiee\/bezoek-ons-op-batibouw\/"},"modified":"2016-12-05T15:00:43","modified_gmt":"2016-12-05T14:00:43","slug":"bezoek-ons-op-batibouw","status":"publish","type":"post","link":"https:\/\/studioartglas.be\/fr\/geen-onderdeel-van-een-categorie\/bezoek-ons-op-batibouw\/","title":{"rendered":"Visitez-nous au salon batibouw."},"content":{"rendered":"<p>[et_pb_section admin_label=\u00a0\u00bbsection\u00a0\u00bb][et_pb_row admin_label=\u00a0\u00bbrow\u00a0\u00bb][et_pb_column type=\u00a0\u00bb4_4&Prime;][et_pb_post_title admin_label=\u00a0\u00bbPost Title\u00a0\u00bb global_module=\u00a0\u00bb4309&Prime; saved_tabs=\u00a0\u00bball\u00a0\u00bb title=\u00a0\u00bbon\u00a0\u00bb meta=\u00a0\u00bbon\u00a0\u00bb author=\u00a0\u00bboff\u00a0\u00bb date=\u00a0\u00bbon\u00a0\u00bb date_format=\u00a0\u00bbd-n-Y\u00a0\u00bb categories=\u00a0\u00bboff\u00a0\u00bb comments=\u00a0\u00bboff\u00a0\u00bb featured_image=\u00a0\u00bboff\u00a0\u00bb featured_placement=\u00a0\u00bbbelow\u00a0\u00bb parallax_effect=\u00a0\u00bbon\u00a0\u00bb parallax_method=\u00a0\u00bbon\u00a0\u00bb text_orientation=\u00a0\u00bbcenter\u00a0\u00bb text_color=\u00a0\u00bbdark\u00a0\u00bb text_background=\u00a0\u00bboff\u00a0\u00bb text_bg_color=\u00a0\u00bbrgba(255,255,255,0.9)\u00a0\u00bb disabled=\u00a0\u00bboff\u00a0\u00bb module_bg_color=\u00a0\u00bbrgba(255,255,255,0)\u00a0\u00bb title_font_size=\u00a0\u00bb80&Prime; title_font_size_last_edited=\u00a0\u00bbon|desktop\u00a0\u00bb title_text_color=\u00a0\u00bb#118acb\u00a0\u00bb title_all_caps=\u00a0\u00bboff\u00a0\u00bb use_border_color=\u00a0\u00bboff\u00a0\u00bb border_color=\u00a0\u00bb#ffffff\u00a0\u00bb border_style=\u00a0\u00bbsolid\u00a0\u00bb] [\/et_pb_post_title][\/et_pb_column][\/et_pb_row][et_pb_row admin_label=\u00a0\u00bbRow\u00a0\u00bb][et_pb_column type=\u00a0\u00bb1_2&Prime;][et_pb_image admin_label=\u00a0\u00bbImage\u00a0\u00bb src=\u00a0\u00bbhttp:\/\/artglas.ocs01.pure-communication.be\/wp-content\/uploads\/2016\/11\/78_ArtGlasTongeren_HR-4375.jpg\u00a0\u00bb show_in_lightbox=\u00a0\u00bboff\u00a0\u00bb url_new_window=\u00a0\u00bboff\u00a0\u00bb use_overlay=\u00a0\u00bboff\u00a0\u00bb animation=\u00a0\u00bboff\u00a0\u00bb sticky=\u00a0\u00bboff\u00a0\u00bb align=\u00a0\u00bbleft\u00a0\u00bb force_fullwidth=\u00a0\u00bboff\u00a0\u00bb always_center_on_mobile=\u00a0\u00bbon\u00a0\u00bb use_border_color=\u00a0\u00bboff\u00a0\u00bb border_color=\u00a0\u00bb#ffffff\u00a0\u00bb border_style=\u00a0\u00bbsolid\u00a0\u00bb] [\/et_pb_image][\/et_pb_column][et_pb_column type=\u00a0\u00bb1_2&Prime;][et_pb_text admin_label=\u00a0\u00bbText\u00a0\u00bb background_layout=\u00a0\u00bblight\u00a0\u00bb text_orientation=\u00a0\u00bbleft\u00a0\u00bb use_border_color=\u00a0\u00bboff\u00a0\u00bb border_color=\u00a0\u00bb#ffffff\u00a0\u00bb border_style=\u00a0\u00bbsolid\u00a0\u00bb]<\/p>\n<p><strong>BATIBOUW<\/strong>, le plus grand salon belge de la Construction, de la R\u00e9novation et de l\u2019Am\u00e9nagement pour professionnels et particuliers ouvre ses portes du 16 f\u00e9vrier au 26 f\u00e9vrier 2017 \u00e0 Brussels Expo. Visite nous a palais 4, nr. 4503<\/p>\n<p>[\/et_pb_text][\/et_pb_column][\/et_pb_row][et_pb_row admin_label=\u00a0\u00bbRow\u00a0\u00bb][et_pb_column type=\u00a0\u00bb4_4&Prime;][et_pb_button admin_label=\u00a0\u00bbButton\u00a0\u00bb global_module=\u00a0\u00bb4934&Prime; saved_tabs=\u00a0\u00bball\u00a0\u00bb button_url=\u00a0\u00bb\/\u00a0\u00bb url_new_window=\u00a0\u00bboff\u00a0\u00bb button_text=\u00a0\u00bbRetour au sommaire\u00a0\u00bb button_alignment=\u00a0\u00bbcenter\u00a0\u00bb background_layout=\u00a0\u00bblight\u00a0\u00bb custom_button=\u00a0\u00bbon\u00a0\u00bb button_text_size=\u00a0\u00bb18&Prime; button_text_color=\u00a0\u00bb#ffffff\u00a0\u00bb button_bg_color=\u00a0\u00bb#118acb\u00a0\u00bb button_border_width=\u00a0\u00bb8&Prime; button_border_color=\u00a0\u00bb#118acb\u00a0\u00bb button_border_radius=\u00a0\u00bb0&Prime; button_letter_spacing=\u00a0\u00bb0&Prime; button_font=\u00a0\u00bb|||on|\u00a0\u00bb button_use_icon=\u00a0\u00bboff\u00a0\u00bb button_icon_placement=\u00a0\u00bbright\u00a0\u00bb button_on_hover=\u00a0\u00bbon\u00a0\u00bb button_text_color_hover=\u00a0\u00bb#ffffff\u00a0\u00bb button_bg_color_hover=\u00a0\u00bb#0b557d\u00a0\u00bb button_border_color_hover=\u00a0\u00bb#0b557d\u00a0\u00bb button_letter_spacing_hover=\u00a0\u00bb0&Prime; module_class=\u00a0\u00bbback-button\u00a0\u00bb] [\/et_pb_button][\/et_pb_column][\/et_pb_row][\/et_pb_section]<\/p>\n","protected":false},"excerpt":{"rendered":"<p>Visitez-nous au salon batibouw<\/p>\n","protected":false},"author":2,"featured_media":5258,"comment_status":"open","ping_status":"open","sticky":false,"template":"","format":"standard","meta":{"_et_pb_use_builder":"on","_et_pb_old_content":"","_et_gb_content_width":"","inline_featured_image":false,"footnotes":""},"categories":[1],"tags":[],"dipi_cpt_category":[],"class_list":["post-5260","post","type-post","status-publish","format-standard","has-post-thumbnail","hentry","category-geen-onderdeel-van-een-categorie"],"_links":{"self":[{"href":"https:\/\/studioartglas.be\/fr\/wp-json\/wp\/v2\/posts\/5260","targetHints":{"allow":["GET"]}}],"collection":[{"href":"https:\/\/studioartglas.be\/fr\/wp-json\/wp\/v2\/posts"}],"about":[{"href":"https:\/\/studioartglas.be\/fr\/wp-json\/wp\/v2\/types\/post"}],"author":[{"embeddable":true,"href":"https:\/\/studioartglas.be\/fr\/wp-json\/wp\/v2\/users\/2"}],"replies":[{"embeddable":true,"href":"https:\/\/studioartglas.be\/fr\/wp-json\/wp\/v2\/comments?post=5260"}],"version-history":[{"count":3,"href":"https:\/\/studioartglas.be\/fr\/wp-json\/wp\/v2\/posts\/5260\/revisions"}],"predecessor-version":[{"id":6314,"href":"https:\/\/studioartglas.be\/fr\/wp-json\/wp\/v2\/posts\/5260\/revisions\/6314"}],"wp:featuredmedia":[{"embeddable":true,"href":"https:\/\/studioartglas.be\/fr\/wp-json\/wp\/v2\/media\/5258"}],"wp:attachment":[{"href":"https:\/\/studioartglas.be\/fr\/wp-json\/wp\/v2\/media?parent=5260"}],"wp:term":[{"taxonomy":"category","embeddable":true,"href":"https:\/\/studioartglas.be\/fr\/wp-json\/wp\/v2\/categories?post=5260"},{"taxonomy":"post_tag","embeddable":true,"href":"https:\/\/studioartglas.be\/fr\/wp-json\/wp\/v2\/tags?post=5260"},{"taxonomy":"dipi_cpt_category","embeddable":true,"href":"https:\/\/studioartglas.be\/fr\/wp-json\/wp\/v2\/dipi_cpt_category?post=5260"}],"curies":[{"name":"wp","href":"https:\/\/api.w.org\/{rel}","templated":true}]}}