{"id":6096,"date":"2016-11-30T15:58:37","date_gmt":"2016-11-30T14:58:37","guid":{"rendered":"http:\/\/artglas.ocs01.pure-communication.be\/fr\/non-classifiee\/ontwerp-voor-de-st-brigidakerk-koersel\/"},"modified":"2016-12-01T13:12:03","modified_gmt":"2016-12-01T12:12:03","slug":"ontwerp-voor-de-st-brigidakerk-koersel","status":"publish","type":"post","link":"https:\/\/studioartglas.be\/fr\/non-classifiee\/ontwerp-voor-de-st-brigidakerk-koersel\/","title":{"rendered":"Projet pour l\u2019\u00e9glise St-Brigitte \u00e0 Koersel"},"content":{"rendered":"<p>[et_pb_section admin_label=\u00a0\u00bbSection\u00a0\u00bb fullwidth=\u00a0\u00bbon\u00a0\u00bb specialty=\u00a0\u00bboff\u00a0\u00bb][et_pb_fullwidth_header admin_label=\u00a0\u00bbFullwidth Header\u00a0\u00bb title_font_size_last_edited=\u00a0\u00bbon|phone\u00a0\u00bb custom_button_one=\u00a0\u00bboff\u00a0\u00bb button_one_letter_spacing=\u00a0\u00bb0&Prime; button_one_use_icon=\u00a0\u00bbdefault\u00a0\u00bb button_one_icon_placement=\u00a0\u00bbright\u00a0\u00bb button_one_on_hover=\u00a0\u00bbon\u00a0\u00bb button_one_letter_spacing_hover=\u00a0\u00bb0&Prime; custom_button_two=\u00a0\u00bboff\u00a0\u00bb button_two_letter_spacing=\u00a0\u00bb0&Prime; button_two_use_icon=\u00a0\u00bbdefault\u00a0\u00bb button_two_icon_placement=\u00a0\u00bbright\u00a0\u00bb button_two_on_hover=\u00a0\u00bbon\u00a0\u00bb button_two_letter_spacing_hover=\u00a0\u00bb0&Prime; title=\u00a0\u00bbProjet pour l\u2019\u00e9glise St-Brigitte \u00e0 Koersel\u00a0\u00bb background_layout=\u00a0\u00bbdark\u00a0\u00bb text_orientation=\u00a0\u00bbcenter\u00a0\u00bb header_fullscreen=\u00a0\u00bbon\u00a0\u00bb header_scroll_down=\u00a0\u00bbon\u00a0\u00bb scroll_down_icon=\u00a0\u00bb%%1%%\u00a0\u00bb background_url=\u00a0\u00bbhttp:\/\/artglas.ocs01.pure-communication.be\/wp-content\/uploads\/2016\/11\/johndierickx-glasinlood-kerkkoersel.jpg\u00a0\u00bb parallax=\u00a0\u00bboff\u00a0\u00bb parallax_method=\u00a0\u00bboff\u00a0\u00bb content_orientation=\u00a0\u00bbcenter\u00a0\u00bb image_orientation=\u00a0\u00bbcenter\u00a0\u00bb] [\/et_pb_fullwidth_header][\/et_pb_section][et_pb_section admin_label=\u00a0\u00bbsection\u00a0\u00bb][et_pb_row admin_label=\u00a0\u00bbrow\u00a0\u00bb][et_pb_column type=\u00a0\u00bb4_4&Prime;][et_pb_text admin_label=\u00a0\u00bbProject info label\u00a0\u00bb background_layout=\u00a0\u00bbdark\u00a0\u00bb text_orientation=\u00a0\u00bbleft\u00a0\u00bb text_text_color=\u00a0\u00bb#118acb\u00a0\u00bb use_border_color=\u00a0\u00bboff\u00a0\u00bb border_color=\u00a0\u00bb#ffffff\u00a0\u00bb border_style=\u00a0\u00bbsolid\u00a0\u00bb module_class=\u00a0\u00bblabel-tag\u00a0\u00bb saved_tabs=\u00a0\u00bball\u00a0\u00bb global_module=\u00a0\u00bb5011&Prime;]<\/p>\n<p>Project info<\/p>\n<p>[\/et_pb_text][et_pb_text admin_label=\u00a0\u00bbProjectinfo\u00a0\u00bb background_layout=\u00a0\u00bblight\u00a0\u00bb text_orientation=\u00a0\u00bbleft\u00a0\u00bb use_border_color=\u00a0\u00bboff\u00a0\u00bb border_color=\u00a0\u00bb#ffffff\u00a0\u00bb border_style=\u00a0\u00bbsolid\u00a0\u00bb]<\/p>\n<p>Notre mission consistait \u00e0 cr\u00e9er un nouveau vitrail pour la rosace de la fa\u00e7ade avant en veillant \u00e0 ce que la croix de Sainte-Brigitte y joue le r\u00f4le principal. Comme la rosace en fer devait \u00eatre conserv\u00e9e, ma cr\u00e9ativit\u00e9 s\u2019en trouva limit\u00e9e tout en b\u00e9n\u00e9ficiant d\u2019un autre angle d\u2019attaque. Le vitrail repr\u00e9sente la croix de Sainte-Brigitte entour\u00e9e d\u2019un lever et d\u2019un coucher de soleil.<\/p>\n<p>[\/et_pb_text][\/et_pb_column][\/et_pb_row][\/et_pb_section][et_pb_section admin_label=\u00a0\u00bbsection\u00a0\u00bb][et_pb_row admin_label=\u00a0\u00bbrow\u00a0\u00bb make_fullwidth=\u00a0\u00bbon\u00a0\u00bb use_custom_width=\u00a0\u00bboff\u00a0\u00bb width_unit=\u00a0\u00bbon\u00a0\u00bb use_custom_gutter=\u00a0\u00bboff\u00a0\u00bb padding_mobile=\u00a0\u00bboff\u00a0\u00bb allow_player_pause=\u00a0\u00bboff\u00a0\u00bb parallax=\u00a0\u00bboff\u00a0\u00bb parallax_method=\u00a0\u00bboff\u00a0\u00bb make_equal=\u00a0\u00bboff\u00a0\u00bb parallax_1=\u00a0\u00bboff\u00a0\u00bb parallax_method_1=\u00a0\u00bboff\u00a0\u00bb column_padding_mobile=\u00a0\u00bbon\u00a0\u00bb][et_pb_column type=\u00a0\u00bb4_4&Prime;][et_pb_gallery admin_label=\u00a0\u00bbGallery\u00a0\u00bb saved_tabs=\u00a0\u00bbadvanced,css\u00a0\u00bb global_module=\u00a0\u00bb4143&Prime; zoom_icon_color=\u00a0\u00bb#118acb\u00a0\u00bb hover_overlay_color=\u00a0\u00bbrgba(255,255,255,0.59)\u00a0\u00bb hover_icon=\u00a0\u00bb%%43%%\u00a0\u00bb caption_all_caps=\u00a0\u00bboff\u00a0\u00bb use_border_color=\u00a0\u00bboff\u00a0\u00bb border_color=\u00a0\u00bb#ffffff\u00a0\u00bb border_style=\u00a0\u00bbsolid\u00a0\u00bb module_class=\u00a0\u00bbmasonry-grid\u00a0\u00bb gallery_ids=\u00a0\u00bb5659,5662,5665,5668&Prime; fullwidth=\u00a0\u00bboff\u00a0\u00bb posts_number=\u00a0\u00bb100&Prime; show_title_and_caption=\u00a0\u00bboff\u00a0\u00bb show_pagination=\u00a0\u00bboff\u00a0\u00bb background_layout=\u00a0\u00bblight\u00a0\u00bb auto=\u00a0\u00bboff\u00a0\u00bb] [\/et_pb_gallery][et_pb_button admin_label=\u00a0\u00bbButton\u00a0\u00bb url_new_window=\u00a0\u00bboff\u00a0\u00bb button_text=\u00a0\u00bbTerug naar overzicht\u00a0\u00bb button_alignment=\u00a0\u00bbcenter\u00a0\u00bb background_layout=\u00a0\u00bblight\u00a0\u00bb custom_button=\u00a0\u00bbon\u00a0\u00bb button_letter_spacing=\u00a0\u00bb0&Prime; button_use_icon=\u00a0\u00bboff\u00a0\u00bb button_icon_placement=\u00a0\u00bbright\u00a0\u00bb button_on_hover=\u00a0\u00bbon\u00a0\u00bb button_letter_spacing_hover=\u00a0\u00bb0&Prime; button_url=\u00a0\u00bbhttp:\/\/www.google.com\u00a0\u00bb module_class=\u00a0\u00bbback-button\u00a0\u00bb button_text_size=\u00a0\u00bb18&Prime; button_font=\u00a0\u00bb|||on|\u00a0\u00bb button_text_color=\u00a0\u00bb#ffffff\u00a0\u00bb button_bg_color=\u00a0\u00bb#118acb\u00a0\u00bb button_border_color=\u00a0\u00bb#118acb\u00a0\u00bb button_text_color_hover=\u00a0\u00bb#ffffff\u00a0\u00bb button_bg_color_hover=\u00a0\u00bb#0b557d\u00a0\u00bb button_border_color_hover=\u00a0\u00bb#0b557d\u00a0\u00bb button_border_radius=\u00a0\u00bb0&Prime; button_border_width=\u00a0\u00bb8&Prime; saved_tabs=\u00a0\u00bball\u00a0\u00bb global_module=\u00a0\u00bb4930&Prime;] [\/et_pb_button][\/et_pb_column][\/et_pb_row][\/et_pb_section]<\/p>\n","protected":false},"excerpt":{"rendered":"<p>Project info Notre mission consistait \u00e0 cr\u00e9er un nouveau vitrail pour la rosace de la fa\u00e7ade avant en veillant \u00e0 ce que la croix de Sainte-Brigitte y joue le r\u00f4le principal. Comme la rosace en fer devait \u00eatre conserv\u00e9e, ma cr\u00e9ativit\u00e9 s\u2019en trouva limit\u00e9e tout en b\u00e9n\u00e9ficiant d\u2019un autre angle d\u2019attaque. Le vitrail repr\u00e9sente la croix de Sainte-Brigitte entour\u00e9e d\u2019un lever et d\u2019un coucher de soleil.<\/p>\n","protected":false},"author":2,"featured_media":5661,"comment_status":"open","ping_status":"open","sticky":false,"template":"","format":"standard","meta":{"_et_pb_use_builder":"on","_et_pb_old_content":"","_et_gb_content_width":"","inline_featured_image":false,"footnotes":""},"categories":[18],"tags":[],"dipi_cpt_category":[],"class_list":["post-6096","post","type-post","status-publish","format-standard","has-post-thumbnail","hentry","category-non-classifiee"],"_links":{"self":[{"href":"https:\/\/studioartglas.be\/fr\/wp-json\/wp\/v2\/posts\/6096","targetHints":{"allow":["GET"]}}],"collection":[{"href":"https:\/\/studioartglas.be\/fr\/wp-json\/wp\/v2\/posts"}],"about":[{"href":"https:\/\/studioartglas.be\/fr\/wp-json\/wp\/v2\/types\/post"}],"author":[{"embeddable":true,"href":"https:\/\/studioartglas.be\/fr\/wp-json\/wp\/v2\/users\/2"}],"replies":[{"embeddable":true,"href":"https:\/\/studioartglas.be\/fr\/wp-json\/wp\/v2\/comments?post=6096"}],"version-history":[{"count":1,"href":"https:\/\/studioartglas.be\/fr\/wp-json\/wp\/v2\/posts\/6096\/revisions"}],"predecessor-version":[{"id":6184,"href":"https:\/\/studioartglas.be\/fr\/wp-json\/wp\/v2\/posts\/6096\/revisions\/6184"}],"wp:featuredmedia":[{"embeddable":true,"href":"https:\/\/studioartglas.be\/fr\/wp-json\/wp\/v2\/media\/5661"}],"wp:attachment":[{"href":"https:\/\/studioartglas.be\/fr\/wp-json\/wp\/v2\/media?parent=6096"}],"wp:term":[{"taxonomy":"category","embeddable":true,"href":"https:\/\/studioartglas.be\/fr\/wp-json\/wp\/v2\/categories?post=6096"},{"taxonomy":"post_tag","embeddable":true,"href":"https:\/\/studioartglas.be\/fr\/wp-json\/wp\/v2\/tags?post=6096"},{"taxonomy":"dipi_cpt_category","embeddable":true,"href":"https:\/\/studioartglas.be\/fr\/wp-json\/wp\/v2\/dipi_cpt_category?post=6096"}],"curies":[{"name":"wp","href":"https:\/\/api.w.org\/{rel}","templated":true}]}}