{"id":6169,"date":"2016-11-15T14:25:37","date_gmt":"2016-11-15T13:25:37","guid":{"rendered":"http:\/\/artglas.ocs01.pure-communication.be\/fr\/non-classifiee\/nieuwsbericht-1\/"},"modified":"2016-12-05T14:40:01","modified_gmt":"2016-12-05T13:40:01","slug":"nieuwsbericht-1","status":"publish","type":"post","link":"https:\/\/studioartglas.be\/fr\/non-classifiee\/nieuwsbericht-1\/","title":{"rendered":"La vitrine de l\u2019artisan"},"content":{"rendered":"<p>[et_pb_section admin_label=\u00a0\u00bbsection\u00a0\u00bb][et_pb_row admin_label=\u00a0\u00bbRow\u00a0\u00bb][et_pb_column type=\u00a0\u00bb4_4&Prime;][et_pb_post_title admin_label=\u00a0\u00bbPost Title\u00a0\u00bb saved_tabs=\u00a0\u00bball\u00a0\u00bb global_module=\u00a0\u00bb4309&Prime; title=\u00a0\u00bbon\u00a0\u00bb meta=\u00a0\u00bbon\u00a0\u00bb author=\u00a0\u00bboff\u00a0\u00bb date=\u00a0\u00bbon\u00a0\u00bb date_format=\u00a0\u00bbd-n-Y\u00a0\u00bb categories=\u00a0\u00bboff\u00a0\u00bb comments=\u00a0\u00bboff\u00a0\u00bb featured_image=\u00a0\u00bboff\u00a0\u00bb featured_placement=\u00a0\u00bbbelow\u00a0\u00bb parallax_effect=\u00a0\u00bbon\u00a0\u00bb parallax_method=\u00a0\u00bbon\u00a0\u00bb text_orientation=\u00a0\u00bbcenter\u00a0\u00bb text_color=\u00a0\u00bbdark\u00a0\u00bb text_background=\u00a0\u00bboff\u00a0\u00bb text_bg_color=\u00a0\u00bbrgba(255,255,255,0.9)\u00a0\u00bb module_bg_color=\u00a0\u00bbrgba(255,255,255,0)\u00a0\u00bb title_font_size_last_edited=\u00a0\u00bbon|desktop\u00a0\u00bb title_text_color=\u00a0\u00bb#ff1111&Prime; title_all_caps=\u00a0\u00bboff\u00a0\u00bb use_border_color=\u00a0\u00bboff\u00a0\u00bb border_color=\u00a0\u00bb#ffffff\u00a0\u00bb border_style=\u00a0\u00bbsolid\u00a0\u00bb] [\/et_pb_post_title][\/et_pb_column][\/et_pb_row][et_pb_row admin_label=\u00a0\u00bbRow\u00a0\u00bb][et_pb_column type=\u00a0\u00bb4_4&Prime;][et_pb_text admin_label=\u00a0\u00bbText\u00a0\u00bb background_layout=\u00a0\u00bblight\u00a0\u00bb text_orientation=\u00a0\u00bbleft\u00a0\u00bb use_border_color=\u00a0\u00bboff\u00a0\u00bb border_color=\u00a0\u00bb#ffffff\u00a0\u00bb border_style=\u00a0\u00bbsolid\u00a0\u00bb]<\/p>\n<p>Le concours national La Vitrine de l\u2019Artisan a pour but de promouvoir le secteur de l\u2019artisanat aupr\u00e8s du grand public et d\u2019inciter les jeunes \u00e0 s\u2019y engager. Cette ann\u00e9e, le concours rassembla 240 candidats. L\u2019organisation et ses nombreux partenaires publics et priv\u00e9s, tant flamands que wallons, s\u00e9lectionn\u00e8rent 10 laur\u00e9ats qui avaient r\u00e9pondu \u00e0 tous les crit\u00e8res\u00a0: la qualit\u00e9 et l\u2019originalit\u00e9 de leur produit, leur parcours, leurs gestion et marketing. John Dierickx, directeur d\u2019Artglas, figure parmi les 10 laur\u00e9ats.<\/p>\n<p>[\/et_pb_text][\/et_pb_column][\/et_pb_row][\/et_pb_section]<\/p>\n","protected":false},"excerpt":{"rendered":"<p>Le concours national La Vitrine de l\u2019Artisan a pour but de promouvoir le secteur de l\u2019artisanat aupr\u00e8s du grand public et d\u2019inciter les jeunes \u00e0 s\u2019y engager. Cette ann\u00e9e, le concours rassembla 240 candidats. L\u2019organisation et ses nombreux partenaires publics et priv\u00e9s, tant flamands que wallons, s\u00e9lectionn\u00e8rent 10 laur\u00e9ats qui avaient r\u00e9pondu \u00e0 tous les crit\u00e8res\u00a0: la qualit\u00e9 et l\u2019originalit\u00e9 de leur produit, leur parcours, leurs gestion et marketing. John Dierickx, directeur d\u2019Artglas, figure parmi les 10 laur\u00e9ats.<\/p>\n","protected":false},"author":1,"featured_media":0,"comment_status":"open","ping_status":"open","sticky":false,"template":"","format":"standard","meta":{"_et_pb_use_builder":"on","_et_pb_old_content":"","_et_gb_content_width":"","inline_featured_image":false,"footnotes":""},"categories":[18],"tags":[],"dipi_cpt_category":[],"class_list":["post-6169","post","type-post","status-publish","format-standard","hentry","category-non-classifiee"],"_links":{"self":[{"href":"https:\/\/studioartglas.be\/fr\/wp-json\/wp\/v2\/posts\/6169","targetHints":{"allow":["GET"]}}],"collection":[{"href":"https:\/\/studioartglas.be\/fr\/wp-json\/wp\/v2\/posts"}],"about":[{"href":"https:\/\/studioartglas.be\/fr\/wp-json\/wp\/v2\/types\/post"}],"author":[{"embeddable":true,"href":"https:\/\/studioartglas.be\/fr\/wp-json\/wp\/v2\/users\/1"}],"replies":[{"embeddable":true,"href":"https:\/\/studioartglas.be\/fr\/wp-json\/wp\/v2\/comments?post=6169"}],"version-history":[{"count":1,"href":"https:\/\/studioartglas.be\/fr\/wp-json\/wp\/v2\/posts\/6169\/revisions"}],"predecessor-version":[{"id":6310,"href":"https:\/\/studioartglas.be\/fr\/wp-json\/wp\/v2\/posts\/6169\/revisions\/6310"}],"wp:attachment":[{"href":"https:\/\/studioartglas.be\/fr\/wp-json\/wp\/v2\/media?parent=6169"}],"wp:term":[{"taxonomy":"category","embeddable":true,"href":"https:\/\/studioartglas.be\/fr\/wp-json\/wp\/v2\/categories?post=6169"},{"taxonomy":"post_tag","embeddable":true,"href":"https:\/\/studioartglas.be\/fr\/wp-json\/wp\/v2\/tags?post=6169"},{"taxonomy":"dipi_cpt_category","embeddable":true,"href":"https:\/\/studioartglas.be\/fr\/wp-json\/wp\/v2\/dipi_cpt_category?post=6169"}],"curies":[{"name":"wp","href":"https:\/\/api.w.org\/{rel}","templated":true}]}}