{"id":6847,"date":"2018-12-18T14:45:35","date_gmt":"2018-12-18T13:45:35","guid":{"rendered":"http:\/\/www.artglas.be\/fr\/non-classifiee\/artglas-op-batibouw-2019\/"},"modified":"2019-03-06T10:16:14","modified_gmt":"2019-03-06T09:16:14","slug":"artglas-brengt-eerste-boek-uit","status":"publish","type":"post","link":"https:\/\/studioartglas.be\/fr\/non-classifiee\/artglas-brengt-eerste-boek-uit\/","title":{"rendered":"Premier livre pour Artglas"},"content":{"rendered":"<p>&nbsp;<\/p>\n<p>Quand je suis entr\u00e9e chez Art Glas, les vitraux m&rsquo;ont imm\u00e9diatement captiv\u00e9e. J&rsquo;\u00e9tais \u00e9tonn\u00e9e par l&rsquo;aspect moderne de leur design. La conversation qui s\u2019ensuivit avec le directeur John Dierickx confirma un sentiment croissant de reconnaissance. Reconnaissance pour le m\u00eame amour de l&rsquo;art, pour la cr\u00e9ation avec une stratification plus profonde. Nous parlions le m\u00eame langage, celui de l&rsquo;art. Il me montra des images de projets qu&rsquo;il avait r\u00e9alis\u00e9s.Dans toutes les cr\u00e9ations qu&rsquo;il avait install\u00e9es chez de nombreux particuliers se d\u00e9gageait un trait encore plus frappant de sa personnalit\u00e9 : son souci du d\u00e9tail. En int\u00e9grant cette caract\u00e9ristique dans son langage visuel, il transformait ses interventions en un ensemble saisissant et indispensable \u00e0 la maison, qu\u2019elles compl\u00e8tent.Ses r\u00e9alisations sont ambigu\u00ebs\u00a0; d&rsquo;une part, il y a le d\u00e9sir des Modernes et, d&rsquo;autre part, il y a une volont\u00e9 d&rsquo;explorer les limites de la technologie contemporaine. John Dierickx aime travailler de mani\u00e8re intimiste, mais n&rsquo;a pas peur de la taille du cadre. Au sens propre comme au sens figur\u00e9, il encadre son projet avec un savoir-faire m\u00e9ticuleux. Choisir une r\u00e9alisation de John Dierickx, c&rsquo;est faire une d\u00e9claration. Une d\u00e9claration qui ressort le mieux dans un environnement minimaliste o\u00f9 elle b\u00e9n\u00e9ficie pleinement de notre attention<\/p>\n<p><span lang=\"fr\">Vous pouvez commander le livre:\u00a0<a href=\"http:\/\/www.stichtingkunstboek.com\/nl\/boek\/detail\/10673\/artglas-artistic-glass-panels\">http:\/\/www.stichtingkunstboek.com\/nl\/boek\/detail\/10673\/artglas-artistic-glass-panels<\/a><\/span><\/p>\n<p>Martine Geerts\u00a0 \u00a0 \u00a0 Pr\u00e9sidente de la F\u00e9d\u00e9ration Royale des Arts du Limbourg<\/p>\n<p><img loading=\"lazy\" decoding=\"async\" class=\"alignnone size-medium wp-image-6855\" src=\"https:\/\/studioartglas.be\/wp-content\/uploads\/2018\/12\/cover-boek-2019-254x300.jpg\" alt=\"\" width=\"254\" height=\"300\" srcset=\"https:\/\/studioartglas.be\/wp-content\/uploads\/2018\/12\/cover-boek-2019-254x300.jpg 254w, https:\/\/studioartglas.be\/wp-content\/uploads\/2018\/12\/cover-boek-2019-768x907.jpg 768w, https:\/\/studioartglas.be\/wp-content\/uploads\/2018\/12\/cover-boek-2019-867x1024.jpg 867w, https:\/\/studioartglas.be\/wp-content\/uploads\/2018\/12\/cover-boek-2019-1080x1276.jpg 1080w, https:\/\/studioartglas.be\/wp-content\/uploads\/2018\/12\/cover-boek-2019-500x591.jpg 500w, https:\/\/studioartglas.be\/wp-content\/uploads\/2018\/12\/cover-boek-2019.jpg 1778w\" sizes=\"(max-width: 254px) 100vw, 254px\" \/><\/p>\n","protected":false},"excerpt":{"rendered":"<p>&nbsp; Quand je suis entr\u00e9e chez Art Glas, les vitraux m&rsquo;ont imm\u00e9diatement captiv\u00e9e. J&rsquo;\u00e9tais \u00e9tonn\u00e9e par l&rsquo;aspect moderne de leur design. La conversation qui s\u2019ensuivit avec le directeur John Dierickx confirma un sentiment croissant de reconnaissance. Reconnaissance pour le m\u00eame amour de l&rsquo;art, pour la cr\u00e9ation avec une stratification plus profonde. Nous parlions le m\u00eame [&hellip;]<\/p>\n","protected":false},"author":2,"featured_media":6857,"comment_status":"open","ping_status":"open","sticky":false,"template":"","format":"standard","meta":{"_et_pb_use_builder":"","_et_pb_old_content":"","_et_gb_content_width":"","inline_featured_image":false,"footnotes":""},"categories":[18],"tags":[],"dipi_cpt_category":[],"class_list":["post-6847","post","type-post","status-publish","format-standard","has-post-thumbnail","hentry","category-non-classifiee"],"_links":{"self":[{"href":"https:\/\/studioartglas.be\/fr\/wp-json\/wp\/v2\/posts\/6847","targetHints":{"allow":["GET"]}}],"collection":[{"href":"https:\/\/studioartglas.be\/fr\/wp-json\/wp\/v2\/posts"}],"about":[{"href":"https:\/\/studioartglas.be\/fr\/wp-json\/wp\/v2\/types\/post"}],"author":[{"embeddable":true,"href":"https:\/\/studioartglas.be\/fr\/wp-json\/wp\/v2\/users\/2"}],"replies":[{"embeddable":true,"href":"https:\/\/studioartglas.be\/fr\/wp-json\/wp\/v2\/comments?post=6847"}],"version-history":[{"count":3,"href":"https:\/\/studioartglas.be\/fr\/wp-json\/wp\/v2\/posts\/6847\/revisions"}],"predecessor-version":[{"id":6876,"href":"https:\/\/studioartglas.be\/fr\/wp-json\/wp\/v2\/posts\/6847\/revisions\/6876"}],"wp:featuredmedia":[{"embeddable":true,"href":"https:\/\/studioartglas.be\/fr\/wp-json\/wp\/v2\/media\/6857"}],"wp:attachment":[{"href":"https:\/\/studioartglas.be\/fr\/wp-json\/wp\/v2\/media?parent=6847"}],"wp:term":[{"taxonomy":"category","embeddable":true,"href":"https:\/\/studioartglas.be\/fr\/wp-json\/wp\/v2\/categories?post=6847"},{"taxonomy":"post_tag","embeddable":true,"href":"https:\/\/studioartglas.be\/fr\/wp-json\/wp\/v2\/tags?post=6847"},{"taxonomy":"dipi_cpt_category","embeddable":true,"href":"https:\/\/studioartglas.be\/fr\/wp-json\/wp\/v2\/dipi_cpt_category?post=6847"}],"curies":[{"name":"wp","href":"https:\/\/api.w.org\/{rel}","templated":true}]}}